{"id":55,"date":"2022-08-31T15:00:00","date_gmt":"2022-08-31T15:00:00","guid":{"rendered":"https:\/\/luana-hallein.at\/neues\/?p=55"},"modified":"2023-09-04T07:41:45","modified_gmt":"2023-09-04T07:41:45","slug":"luanas-sommerprogramm-stille-nacht","status":"publish","type":"post","link":"https:\/\/luana-hallein.at\/neues\/luanas-sommerprogramm-stille-nacht\/","title":{"rendered":"Stille Nacht"},"content":{"rendered":"\r\n<p>Zum ersten Mal in diesem Sommer hat es der Wettergott nicht gut mit uns gemeint \u2013 es hat einfach nur wie aus K\u00fcbeln gesch\u00fcttet. Den Kindern hat es aber trotzdem viel Spa\u00df gemacht.<\/p>\r\n\r\n\r\n\r\n<p>Einmal im Jahr gibt es einen Platz an dem sich besonders viele Personen treffen. Was k\u00f6nnte das f\u00fcr ein Platz sein? Hinweise daf\u00fcr haben wir in der ganzen Stadt gefunden. Zum Trocknen ging&#8217;s in die Stadtbibliothek zum Basteln. Beim Werken mit der Blumenwiesenkarte mit vielen Schmetterlingen und Sonne sind wir alle wieder trocken geworden. Zum Gl\u00fcck war&#8217;s nicht so kalt.<\/p>\r\n<div class=\"w-gallery fit_cover wp_gallery type_masonry action_popup_image with_isotope ratio_auto count_10\" style=\"--columns:4;--items-gap:8px;\"><div class=\"w-gallery-list\"><div class=\"w-gallery-item\"><div class=\"w-gallery-item-img\"><img loading=\"lazy\" decoding=\"async\" width=\"800\" height=\"600\" src=\"https:\/\/luana-hallein.at\/neues\/wp-content\/uploads\/2022\/09\/IMG_1346.jpg\" class=\"attachment-full size-full\" alt=\"\" srcset=\"https:\/\/luana-hallein.at\/neues\/wp-content\/uploads\/2022\/09\/IMG_1346.jpg 800w, https:\/\/luana-hallein.at\/neues\/wp-content\/uploads\/2022\/09\/IMG_1346-600x450.jpg 600w, https:\/\/luana-hallein.at\/neues\/wp-content\/uploads\/2022\/09\/IMG_1346-300x225.jpg 300w\" sizes=\"auto, (max-width: 800px) 100vw, 800px\" \/><\/div><a class=\"w-gallery-item-link\" aria-label=\"IMG_1346\" href=\"https:\/\/luana-hallein.at\/neues\/wp-content\/uploads\/2022\/09\/IMG_1346.jpg\" title=\"IMG_1346\"><\/a><\/div><div class=\"w-gallery-item\"><div class=\"w-gallery-item-img\"><img loading=\"lazy\" decoding=\"async\" width=\"800\" height=\"600\" src=\"https:\/\/luana-hallein.at\/neues\/wp-content\/uploads\/2022\/09\/IMG_1347.jpg\" class=\"attachment-full size-full\" alt=\"\" srcset=\"https:\/\/luana-hallein.at\/neues\/wp-content\/uploads\/2022\/09\/IMG_1347.jpg 800w, https:\/\/luana-hallein.at\/neues\/wp-content\/uploads\/2022\/09\/IMG_1347-600x450.jpg 600w, https:\/\/luana-hallein.at\/neues\/wp-content\/uploads\/2022\/09\/IMG_1347-300x225.jpg 300w\" sizes=\"auto, (max-width: 800px) 100vw, 800px\" \/><\/div><a class=\"w-gallery-item-link\" aria-label=\"IMG_1347\" href=\"https:\/\/luana-hallein.at\/neues\/wp-content\/uploads\/2022\/09\/IMG_1347.jpg\" title=\"IMG_1347\"><\/a><\/div><div class=\"w-gallery-item\"><div class=\"w-gallery-item-img\"><img loading=\"lazy\" decoding=\"async\" width=\"800\" height=\"600\" src=\"https:\/\/luana-hallein.at\/neues\/wp-content\/uploads\/2022\/09\/IMG_1352.jpg\" class=\"attachment-full size-full\" alt=\"\" srcset=\"https:\/\/luana-hallein.at\/neues\/wp-content\/uploads\/2022\/09\/IMG_1352.jpg 800w, https:\/\/luana-hallein.at\/neues\/wp-content\/uploads\/2022\/09\/IMG_1352-600x450.jpg 600w, https:\/\/luana-hallein.at\/neues\/wp-content\/uploads\/2022\/09\/IMG_1352-300x225.jpg 300w\" sizes=\"auto, (max-width: 800px) 100vw, 800px\" \/><\/div><a class=\"w-gallery-item-link\" aria-label=\"IMG_1352\" href=\"https:\/\/luana-hallein.at\/neues\/wp-content\/uploads\/2022\/09\/IMG_1352.jpg\" title=\"IMG_1352\"><\/a><\/div><div class=\"w-gallery-item\"><div class=\"w-gallery-item-img\"><img loading=\"lazy\" decoding=\"async\" width=\"800\" height=\"600\" src=\"https:\/\/luana-hallein.at\/neues\/wp-content\/uploads\/2022\/09\/karin-32-1.jpg\" class=\"attachment-full size-full\" alt=\"\" srcset=\"https:\/\/luana-hallein.at\/neues\/wp-content\/uploads\/2022\/09\/karin-32-1.jpg 800w, https:\/\/luana-hallein.at\/neues\/wp-content\/uploads\/2022\/09\/karin-32-1-600x450.jpg 600w, https:\/\/luana-hallein.at\/neues\/wp-content\/uploads\/2022\/09\/karin-32-1-300x225.jpg 300w\" sizes=\"auto, (max-width: 800px) 100vw, 800px\" \/><\/div><a class=\"w-gallery-item-link\" aria-label=\"karin-32-1\" href=\"https:\/\/luana-hallein.at\/neues\/wp-content\/uploads\/2022\/09\/karin-32-1.jpg\" title=\"karin-32-1\"><\/a><\/div><div class=\"w-gallery-item\"><div class=\"w-gallery-item-img\"><img loading=\"lazy\" decoding=\"async\" width=\"800\" height=\"600\" src=\"https:\/\/luana-hallein.at\/neues\/wp-content\/uploads\/2022\/09\/IMG_1366.jpg\" class=\"attachment-full size-full\" alt=\"\" srcset=\"https:\/\/luana-hallein.at\/neues\/wp-content\/uploads\/2022\/09\/IMG_1366.jpg 800w, https:\/\/luana-hallein.at\/neues\/wp-content\/uploads\/2022\/09\/IMG_1366-600x450.jpg 600w, https:\/\/luana-hallein.at\/neues\/wp-content\/uploads\/2022\/09\/IMG_1366-300x225.jpg 300w\" sizes=\"auto, (max-width: 800px) 100vw, 800px\" \/><\/div><a class=\"w-gallery-item-link\" aria-label=\"IMG_1366\" href=\"https:\/\/luana-hallein.at\/neues\/wp-content\/uploads\/2022\/09\/IMG_1366.jpg\" title=\"IMG_1366\"><\/a><\/div><div class=\"w-gallery-item\"><div class=\"w-gallery-item-img\"><img loading=\"lazy\" decoding=\"async\" width=\"800\" height=\"600\" src=\"https:\/\/luana-hallein.at\/neues\/wp-content\/uploads\/2022\/09\/IMG_1362.jpg\" class=\"attachment-full size-full\" alt=\"\" srcset=\"https:\/\/luana-hallein.at\/neues\/wp-content\/uploads\/2022\/09\/IMG_1362.jpg 800w, https:\/\/luana-hallein.at\/neues\/wp-content\/uploads\/2022\/09\/IMG_1362-600x450.jpg 600w, https:\/\/luana-hallein.at\/neues\/wp-content\/uploads\/2022\/09\/IMG_1362-300x225.jpg 300w\" sizes=\"auto, (max-width: 800px) 100vw, 800px\" \/><\/div><a class=\"w-gallery-item-link\" aria-label=\"IMG_1362\" href=\"https:\/\/luana-hallein.at\/neues\/wp-content\/uploads\/2022\/09\/IMG_1362.jpg\" title=\"IMG_1362\"><\/a><\/div><div class=\"w-gallery-item\"><div class=\"w-gallery-item-img\"><img loading=\"lazy\" decoding=\"async\" width=\"800\" height=\"600\" src=\"https:\/\/luana-hallein.at\/neues\/wp-content\/uploads\/2022\/09\/IMG_1360.jpg\" class=\"attachment-full size-full\" alt=\"\" srcset=\"https:\/\/luana-hallein.at\/neues\/wp-content\/uploads\/2022\/09\/IMG_1360.jpg 800w, https:\/\/luana-hallein.at\/neues\/wp-content\/uploads\/2022\/09\/IMG_1360-600x450.jpg 600w, https:\/\/luana-hallein.at\/neues\/wp-content\/uploads\/2022\/09\/IMG_1360-300x225.jpg 300w\" sizes=\"auto, (max-width: 800px) 100vw, 800px\" \/><\/div><a class=\"w-gallery-item-link\" aria-label=\"IMG_1360\" href=\"https:\/\/luana-hallein.at\/neues\/wp-content\/uploads\/2022\/09\/IMG_1360.jpg\" title=\"IMG_1360\"><\/a><\/div><div class=\"w-gallery-item\"><div class=\"w-gallery-item-img\"><img loading=\"lazy\" decoding=\"async\" width=\"800\" height=\"600\" src=\"https:\/\/luana-hallein.at\/neues\/wp-content\/uploads\/2022\/09\/IMG_1358.jpg\" class=\"attachment-full size-full\" alt=\"\" srcset=\"https:\/\/luana-hallein.at\/neues\/wp-content\/uploads\/2022\/09\/IMG_1358.jpg 800w, https:\/\/luana-hallein.at\/neues\/wp-content\/uploads\/2022\/09\/IMG_1358-600x450.jpg 600w, https:\/\/luana-hallein.at\/neues\/wp-content\/uploads\/2022\/09\/IMG_1358-300x225.jpg 300w\" sizes=\"auto, (max-width: 800px) 100vw, 800px\" \/><\/div><a class=\"w-gallery-item-link\" aria-label=\"IMG_1358\" href=\"https:\/\/luana-hallein.at\/neues\/wp-content\/uploads\/2022\/09\/IMG_1358.jpg\" title=\"IMG_1358\"><\/a><\/div><div class=\"w-gallery-item\"><div class=\"w-gallery-item-img\"><img loading=\"lazy\" decoding=\"async\" width=\"800\" height=\"600\" src=\"https:\/\/luana-hallein.at\/neues\/wp-content\/uploads\/2022\/09\/IMG_1355.jpg\" class=\"attachment-full size-full\" alt=\"\" srcset=\"https:\/\/luana-hallein.at\/neues\/wp-content\/uploads\/2022\/09\/IMG_1355.jpg 800w, https:\/\/luana-hallein.at\/neues\/wp-content\/uploads\/2022\/09\/IMG_1355-600x450.jpg 600w, https:\/\/luana-hallein.at\/neues\/wp-content\/uploads\/2022\/09\/IMG_1355-300x225.jpg 300w\" sizes=\"auto, (max-width: 800px) 100vw, 800px\" \/><\/div><a class=\"w-gallery-item-link\" aria-label=\"IMG_1355\" href=\"https:\/\/luana-hallein.at\/neues\/wp-content\/uploads\/2022\/09\/IMG_1355.jpg\" title=\"IMG_1355\"><\/a><\/div><div class=\"w-gallery-item\"><div class=\"w-gallery-item-img\"><img loading=\"lazy\" decoding=\"async\" width=\"600\" height=\"800\" src=\"https:\/\/luana-hallein.at\/neues\/wp-content\/uploads\/2022\/09\/IMG_1354.jpg\" class=\"attachment-full size-full\" alt=\"\" srcset=\"https:\/\/luana-hallein.at\/neues\/wp-content\/uploads\/2022\/09\/IMG_1354.jpg 600w, https:\/\/luana-hallein.at\/neues\/wp-content\/uploads\/2022\/09\/IMG_1354-225x300.jpg 225w\" sizes=\"auto, (max-width: 600px) 100vw, 600px\" \/><\/div><a class=\"w-gallery-item-link\" aria-label=\"IMG_1354\" href=\"https:\/\/luana-hallein.at\/neues\/wp-content\/uploads\/2022\/09\/IMG_1354.jpg\" title=\"IMG_1354\"><\/a><\/div><\/div><\/div>\r\n","protected":false},"excerpt":{"rendered":"<p>Zum ersten Mal in diesem Sommer hat es der Wettergott nicht gut mit uns gemeint \u2013 es hat einfach nur wie aus K\u00fcbeln gesch\u00fcttet. Den Kindern hat es aber trotzdem viel Spa\u00df gemacht. Einmal im Jahr gibt es einen Platz an dem sich besonders viele Personen treffen. Was k\u00f6nnte das f\u00fcr ein Platz sein? Hinweise&#8230;<\/p>\n","protected":false},"author":1,"featured_media":158,"comment_status":"open","ping_status":"open","sticky":false,"template":"","format":"standard","meta":{"_monsterinsights_skip_tracking":false,"_monsterinsights_sitenote_active":false,"_monsterinsights_sitenote_note":"","_monsterinsights_sitenote_category":0,"footnotes":""},"categories":[22],"tags":[],"class_list":["post-55","post","type-post","status-publish","format-standard","has-post-thumbnail","hentry","category-sommerprogramm"],"yoast_head":"<!-- This site is optimized with the Yoast SEO plugin v27.1.1 - https:\/\/yoast.com\/product\/yoast-seo-wordpress\/ -->\n<title>Stille Nacht - Luana, das Keltenkoboldm\u00e4dchen aus Hallein<\/title>\n<meta name=\"robots\" content=\"index, follow, max-snippet:-1, max-image-preview:large, max-video-preview:-1\" \/>\n<link rel=\"canonical\" href=\"https:\/\/luana-hallein.at\/neues\/luanas-sommerprogramm-stille-nacht\/\" \/>\n<meta property=\"og:locale\" content=\"de_DE\" \/>\n<meta property=\"og:type\" content=\"article\" \/>\n<meta property=\"og:title\" content=\"Stille Nacht - Luana, das Keltenkoboldm\u00e4dchen aus Hallein\" \/>\n<meta property=\"og:description\" content=\"Zum ersten Mal in diesem Sommer hat es der Wettergott nicht gut mit uns gemeint \u2013 es hat einfach nur wie aus K\u00fcbeln gesch\u00fcttet. Den Kindern hat es aber trotzdem viel Spa\u00df gemacht. Einmal im Jahr gibt es einen Platz an dem sich besonders viele Personen treffen. Was k\u00f6nnte das f\u00fcr ein Platz sein? Hinweise...\" \/>\n<meta property=\"og:url\" content=\"https:\/\/luana-hallein.at\/neues\/luanas-sommerprogramm-stille-nacht\/\" \/>\n<meta property=\"og:site_name\" content=\"Luana, das Keltenkoboldm\u00e4dchen aus Hallein\" \/>\n<meta property=\"article:published_time\" content=\"2022-08-31T15:00:00+00:00\" \/>\n<meta property=\"article:modified_time\" content=\"2023-09-04T07:41:45+00:00\" \/>\n<meta property=\"og:image\" content=\"https:\/\/luana-hallein.at\/neues\/wp-content\/uploads\/2022\/08\/31-08th.jpg\" \/>\n\t<meta property=\"og:image:width\" content=\"500\" \/>\n\t<meta property=\"og:image:height\" content=\"500\" \/>\n\t<meta property=\"og:image:type\" content=\"image\/jpeg\" \/>\n<meta name=\"author\" content=\"admin\" \/>\n<meta name=\"twitter:card\" content=\"summary_large_image\" \/>\n<meta name=\"twitter:label1\" content=\"Verfasst von\" \/>\n\t<meta name=\"twitter:data1\" content=\"admin\" \/>\n\t<meta name=\"twitter:label2\" content=\"Gesch\u00e4tzte Lesezeit\" \/>\n\t<meta name=\"twitter:data2\" content=\"3\u00a0Minuten\" \/>\n<script type=\"application\/ld+json\" class=\"yoast-schema-graph\">{\"@context\":\"https:\/\/schema.org\",\"@graph\":[{\"@type\":\"Article\",\"@id\":\"https:\/\/luana-hallein.at\/neues\/luanas-sommerprogramm-stille-nacht\/#article\",\"isPartOf\":{\"@id\":\"https:\/\/luana-hallein.at\/neues\/luanas-sommerprogramm-stille-nacht\/\"},\"author\":{\"name\":\"admin\",\"@id\":\"https:\/\/luana-hallein.at\/neues\/#\/schema\/person\/73c34831b43a49864734941b822ccbc2\"},\"headline\":\"Stille Nacht\",\"datePublished\":\"2022-08-31T15:00:00+00:00\",\"dateModified\":\"2023-09-04T07:41:45+00:00\",\"mainEntityOfPage\":{\"@id\":\"https:\/\/luana-hallein.at\/neues\/luanas-sommerprogramm-stille-nacht\/\"},\"wordCount\":113,\"commentCount\":0,\"image\":{\"@id\":\"https:\/\/luana-hallein.at\/neues\/luanas-sommerprogramm-stille-nacht\/#primaryimage\"},\"thumbnailUrl\":\"https:\/\/luana-hallein.at\/neues\/wp-content\/uploads\/2022\/08\/31-08th.jpg\",\"articleSection\":[\"sommerprogramm\"],\"inLanguage\":\"de\",\"potentialAction\":[{\"@type\":\"CommentAction\",\"name\":\"Comment\",\"target\":[\"https:\/\/luana-hallein.at\/neues\/luanas-sommerprogramm-stille-nacht\/#respond\"]}]},{\"@type\":\"WebPage\",\"@id\":\"https:\/\/luana-hallein.at\/neues\/luanas-sommerprogramm-stille-nacht\/\",\"url\":\"https:\/\/luana-hallein.at\/neues\/luanas-sommerprogramm-stille-nacht\/\",\"name\":\"Stille Nacht - Luana, das Keltenkoboldm\u00e4dchen aus Hallein\",\"isPartOf\":{\"@id\":\"https:\/\/luana-hallein.at\/neues\/#website\"},\"primaryImageOfPage\":{\"@id\":\"https:\/\/luana-hallein.at\/neues\/luanas-sommerprogramm-stille-nacht\/#primaryimage\"},\"image\":{\"@id\":\"https:\/\/luana-hallein.at\/neues\/luanas-sommerprogramm-stille-nacht\/#primaryimage\"},\"thumbnailUrl\":\"https:\/\/luana-hallein.at\/neues\/wp-content\/uploads\/2022\/08\/31-08th.jpg\",\"datePublished\":\"2022-08-31T15:00:00+00:00\",\"dateModified\":\"2023-09-04T07:41:45+00:00\",\"author\":{\"@id\":\"https:\/\/luana-hallein.at\/neues\/#\/schema\/person\/73c34831b43a49864734941b822ccbc2\"},\"breadcrumb\":{\"@id\":\"https:\/\/luana-hallein.at\/neues\/luanas-sommerprogramm-stille-nacht\/#breadcrumb\"},\"inLanguage\":\"de\",\"potentialAction\":[{\"@type\":\"ReadAction\",\"target\":[\"https:\/\/luana-hallein.at\/neues\/luanas-sommerprogramm-stille-nacht\/\"]}]},{\"@type\":\"ImageObject\",\"inLanguage\":\"de\",\"@id\":\"https:\/\/luana-hallein.at\/neues\/luanas-sommerprogramm-stille-nacht\/#primaryimage\",\"url\":\"https:\/\/luana-hallein.at\/neues\/wp-content\/uploads\/2022\/08\/31-08th.jpg\",\"contentUrl\":\"https:\/\/luana-hallein.at\/neues\/wp-content\/uploads\/2022\/08\/31-08th.jpg\",\"width\":500,\"height\":500},{\"@type\":\"BreadcrumbList\",\"@id\":\"https:\/\/luana-hallein.at\/neues\/luanas-sommerprogramm-stille-nacht\/#breadcrumb\",\"itemListElement\":[{\"@type\":\"ListItem\",\"position\":1,\"name\":\"Startseite\",\"item\":\"https:\/\/luana-hallein.at\/neues\/\"},{\"@type\":\"ListItem\",\"position\":2,\"name\":\"Stille Nacht\"}]},{\"@type\":\"WebSite\",\"@id\":\"https:\/\/luana-hallein.at\/neues\/#website\",\"url\":\"https:\/\/luana-hallein.at\/neues\/\",\"name\":\"Luana, das Keltenkoboldm\u00e4dchen aus Hallein\",\"description\":\"Hallein - eine Stadt zum Verlieben\",\"potentialAction\":[{\"@type\":\"SearchAction\",\"target\":{\"@type\":\"EntryPoint\",\"urlTemplate\":\"https:\/\/luana-hallein.at\/neues\/?s={search_term_string}\"},\"query-input\":{\"@type\":\"PropertyValueSpecification\",\"valueRequired\":true,\"valueName\":\"search_term_string\"}}],\"inLanguage\":\"de\"},{\"@type\":\"Person\",\"@id\":\"https:\/\/luana-hallein.at\/neues\/#\/schema\/person\/73c34831b43a49864734941b822ccbc2\",\"name\":\"admin\",\"image\":{\"@type\":\"ImageObject\",\"inLanguage\":\"de\",\"@id\":\"https:\/\/luana-hallein.at\/neues\/#\/schema\/person\/image\/\",\"url\":\"https:\/\/secure.gravatar.com\/avatar\/6be8a13f431eaf744c09e2a1d00a5b8c6e12198efc062de39ecb927600212200?s=96&d=mm&r=g\",\"contentUrl\":\"https:\/\/secure.gravatar.com\/avatar\/6be8a13f431eaf744c09e2a1d00a5b8c6e12198efc062de39ecb927600212200?s=96&d=mm&r=g\",\"caption\":\"admin\"},\"sameAs\":[\"https:\/\/luana-hallein.at\/neues\"],\"url\":\"https:\/\/luana-hallein.at\/neues\/author\/doris\/\"}]}<\/script>\n<!-- \/ Yoast SEO plugin. -->","yoast_head_json":{"title":"Stille Nacht - Luana, das Keltenkoboldm\u00e4dchen aus Hallein","robots":{"index":"index","follow":"follow","max-snippet":"max-snippet:-1","max-image-preview":"max-image-preview:large","max-video-preview":"max-video-preview:-1"},"canonical":"https:\/\/luana-hallein.at\/neues\/luanas-sommerprogramm-stille-nacht\/","og_locale":"de_DE","og_type":"article","og_title":"Stille Nacht - Luana, das Keltenkoboldm\u00e4dchen aus Hallein","og_description":"Zum ersten Mal in diesem Sommer hat es der Wettergott nicht gut mit uns gemeint \u2013 es hat einfach nur wie aus K\u00fcbeln gesch\u00fcttet. Den Kindern hat es aber trotzdem viel Spa\u00df gemacht. Einmal im Jahr gibt es einen Platz an dem sich besonders viele Personen treffen. Was k\u00f6nnte das f\u00fcr ein Platz sein? Hinweise...","og_url":"https:\/\/luana-hallein.at\/neues\/luanas-sommerprogramm-stille-nacht\/","og_site_name":"Luana, das Keltenkoboldm\u00e4dchen aus Hallein","article_published_time":"2022-08-31T15:00:00+00:00","article_modified_time":"2023-09-04T07:41:45+00:00","og_image":[{"width":500,"height":500,"url":"https:\/\/luana-hallein.at\/neues\/wp-content\/uploads\/2022\/08\/31-08th.jpg","type":"image\/jpeg"}],"author":"admin","twitter_card":"summary_large_image","twitter_misc":{"Verfasst von":"admin","Gesch\u00e4tzte Lesezeit":"3\u00a0Minuten"},"schema":{"@context":"https:\/\/schema.org","@graph":[{"@type":"Article","@id":"https:\/\/luana-hallein.at\/neues\/luanas-sommerprogramm-stille-nacht\/#article","isPartOf":{"@id":"https:\/\/luana-hallein.at\/neues\/luanas-sommerprogramm-stille-nacht\/"},"author":{"name":"admin","@id":"https:\/\/luana-hallein.at\/neues\/#\/schema\/person\/73c34831b43a49864734941b822ccbc2"},"headline":"Stille Nacht","datePublished":"2022-08-31T15:00:00+00:00","dateModified":"2023-09-04T07:41:45+00:00","mainEntityOfPage":{"@id":"https:\/\/luana-hallein.at\/neues\/luanas-sommerprogramm-stille-nacht\/"},"wordCount":113,"commentCount":0,"image":{"@id":"https:\/\/luana-hallein.at\/neues\/luanas-sommerprogramm-stille-nacht\/#primaryimage"},"thumbnailUrl":"https:\/\/luana-hallein.at\/neues\/wp-content\/uploads\/2022\/08\/31-08th.jpg","articleSection":["sommerprogramm"],"inLanguage":"de","potentialAction":[{"@type":"CommentAction","name":"Comment","target":["https:\/\/luana-hallein.at\/neues\/luanas-sommerprogramm-stille-nacht\/#respond"]}]},{"@type":"WebPage","@id":"https:\/\/luana-hallein.at\/neues\/luanas-sommerprogramm-stille-nacht\/","url":"https:\/\/luana-hallein.at\/neues\/luanas-sommerprogramm-stille-nacht\/","name":"Stille Nacht - Luana, das Keltenkoboldm\u00e4dchen aus Hallein","isPartOf":{"@id":"https:\/\/luana-hallein.at\/neues\/#website"},"primaryImageOfPage":{"@id":"https:\/\/luana-hallein.at\/neues\/luanas-sommerprogramm-stille-nacht\/#primaryimage"},"image":{"@id":"https:\/\/luana-hallein.at\/neues\/luanas-sommerprogramm-stille-nacht\/#primaryimage"},"thumbnailUrl":"https:\/\/luana-hallein.at\/neues\/wp-content\/uploads\/2022\/08\/31-08th.jpg","datePublished":"2022-08-31T15:00:00+00:00","dateModified":"2023-09-04T07:41:45+00:00","author":{"@id":"https:\/\/luana-hallein.at\/neues\/#\/schema\/person\/73c34831b43a49864734941b822ccbc2"},"breadcrumb":{"@id":"https:\/\/luana-hallein.at\/neues\/luanas-sommerprogramm-stille-nacht\/#breadcrumb"},"inLanguage":"de","potentialAction":[{"@type":"ReadAction","target":["https:\/\/luana-hallein.at\/neues\/luanas-sommerprogramm-stille-nacht\/"]}]},{"@type":"ImageObject","inLanguage":"de","@id":"https:\/\/luana-hallein.at\/neues\/luanas-sommerprogramm-stille-nacht\/#primaryimage","url":"https:\/\/luana-hallein.at\/neues\/wp-content\/uploads\/2022\/08\/31-08th.jpg","contentUrl":"https:\/\/luana-hallein.at\/neues\/wp-content\/uploads\/2022\/08\/31-08th.jpg","width":500,"height":500},{"@type":"BreadcrumbList","@id":"https:\/\/luana-hallein.at\/neues\/luanas-sommerprogramm-stille-nacht\/#breadcrumb","itemListElement":[{"@type":"ListItem","position":1,"name":"Startseite","item":"https:\/\/luana-hallein.at\/neues\/"},{"@type":"ListItem","position":2,"name":"Stille Nacht"}]},{"@type":"WebSite","@id":"https:\/\/luana-hallein.at\/neues\/#website","url":"https:\/\/luana-hallein.at\/neues\/","name":"Luana, das Keltenkoboldm\u00e4dchen aus Hallein","description":"Hallein - eine Stadt zum Verlieben","potentialAction":[{"@type":"SearchAction","target":{"@type":"EntryPoint","urlTemplate":"https:\/\/luana-hallein.at\/neues\/?s={search_term_string}"},"query-input":{"@type":"PropertyValueSpecification","valueRequired":true,"valueName":"search_term_string"}}],"inLanguage":"de"},{"@type":"Person","@id":"https:\/\/luana-hallein.at\/neues\/#\/schema\/person\/73c34831b43a49864734941b822ccbc2","name":"admin","image":{"@type":"ImageObject","inLanguage":"de","@id":"https:\/\/luana-hallein.at\/neues\/#\/schema\/person\/image\/","url":"https:\/\/secure.gravatar.com\/avatar\/6be8a13f431eaf744c09e2a1d00a5b8c6e12198efc062de39ecb927600212200?s=96&d=mm&r=g","contentUrl":"https:\/\/secure.gravatar.com\/avatar\/6be8a13f431eaf744c09e2a1d00a5b8c6e12198efc062de39ecb927600212200?s=96&d=mm&r=g","caption":"admin"},"sameAs":["https:\/\/luana-hallein.at\/neues"],"url":"https:\/\/luana-hallein.at\/neues\/author\/doris\/"}]}},"jetpack_featured_media_url":"https:\/\/luana-hallein.at\/neues\/wp-content\/uploads\/2022\/08\/31-08th.jpg","_links":{"self":[{"href":"https:\/\/luana-hallein.at\/neues\/wp-json\/wp\/v2\/posts\/55","targetHints":{"allow":["GET"]}}],"collection":[{"href":"https:\/\/luana-hallein.at\/neues\/wp-json\/wp\/v2\/posts"}],"about":[{"href":"https:\/\/luana-hallein.at\/neues\/wp-json\/wp\/v2\/types\/post"}],"author":[{"embeddable":true,"href":"https:\/\/luana-hallein.at\/neues\/wp-json\/wp\/v2\/users\/1"}],"replies":[{"embeddable":true,"href":"https:\/\/luana-hallein.at\/neues\/wp-json\/wp\/v2\/comments?post=55"}],"version-history":[{"count":5,"href":"https:\/\/luana-hallein.at\/neues\/wp-json\/wp\/v2\/posts\/55\/revisions"}],"predecessor-version":[{"id":198,"href":"https:\/\/luana-hallein.at\/neues\/wp-json\/wp\/v2\/posts\/55\/revisions\/198"}],"wp:featuredmedia":[{"embeddable":true,"href":"https:\/\/luana-hallein.at\/neues\/wp-json\/wp\/v2\/media\/158"}],"wp:attachment":[{"href":"https:\/\/luana-hallein.at\/neues\/wp-json\/wp\/v2\/media?parent=55"}],"wp:term":[{"taxonomy":"category","embeddable":true,"href":"https:\/\/luana-hallein.at\/neues\/wp-json\/wp\/v2\/categories?post=55"},{"taxonomy":"post_tag","embeddable":true,"href":"https:\/\/luana-hallein.at\/neues\/wp-json\/wp\/v2\/tags?post=55"}],"curies":[{"name":"wp","href":"https:\/\/api.w.org\/{rel}","templated":true}]}}